{"id":1899,"date":"2021-12-11T09:00:00","date_gmt":"2021-12-11T09:00:00","guid":{"rendered":"https:\/\/voicealps.org\/?p=1899"},"modified":"2022-10-21T03:43:08","modified_gmt":"2022-10-21T03:43:08","slug":"flet-anketa-ferma-3b","status":"publish","type":"post","link":"https:\/\/voicealps.org\/en\/flet-anketa-ferma-3b\/","title":{"rendered":"Flet-Anketa, FERMA 3B"},"content":{"rendered":"\n<figure class=\"wp-block-image size-large\"><img decoding=\"async\" loading=\"lazy\" width=\"665\" height=\"393\" src=\"https:\/\/voicealps.org\/wp-content\/uploads\/2022\/01\/98x58_Eko-Guest-House-small.png\" alt=\"\" class=\"wp-image-1904\" srcset=\"https:\/\/voicealps.org\/wp-content\/uploads\/2022\/01\/98x58_Eko-Guest-House-small.png 665w, https:\/\/voicealps.org\/wp-content\/uploads\/2022\/01\/98x58_Eko-Guest-House-small-300x177.png 300w\" sizes=\"(max-width: 665px) 100vw, 665px\" \/><\/figure>\n\n\n\n<p>Kjo flet-anket\u00eb \u00ebsht\u00eb hartuar si pjes\u00eb e projektit Ferma 3B, mb\u00ebshtetur nga IUCN, n\u00eb ndhmes\u00eb t\u00eb t\u00eb kuptuarit t\u00eb gjendjes aktuale t\u00eb turizmit n\u00eb zon\u00ebn e Peisazhit t\u00eb Mbrojtur t\u00eb Lumit Buna. Rezultatet e analizura t\u00eb k\u00ebsaj flet-ankete do t\u00eb sh\u00ebrbejn\u00eb n\u00eb hartimin e nj\u00eb projeksioni mbi tregun aktual dhe trendin turistik t\u00eb zon\u00ebs, me q\u00ebllim ofrimin e sh\u00ebrbimeve q\u00eb jan\u00eb k\u00ebrkes\u00eb dhe identfikimin e mungesave q\u00eb momentalisht ekzistojn\u00eb si barrier\u00eb n\u00eb procesin e zhvillimit t\u00eb q\u00ebndrueh\u00ebm eko-turistik t\u00eb zon\u00ebs. P\u00ebr cdo paqart\u00ebsi, jemi t\u00eb hapur t\u00eb ju ndihmojm\u00eb dhe japim informacione t\u00eb m\u00ebtejshme. T\u00eb dh\u00ebnat e k\u00ebsaj ankete jan\u00eb anonim, duke ruajtur privat\u00ebsin\u00eb e secilit mendim.<\/p>\n\n\n\n<p>FLET-ANKETA MUND T\u00cb AKSESOHET N\u00cb <a href=\"https:\/\/forms.gle\/1ZkFRKz4c8L4tSf6A\">LINKUN K\u00cbTU!<\/a><\/p>\n\n\n\n<p>Ju faleminderit p\u00ebr koh\u00ebn tuaj. Ju mir\u00ebpresim q\u00eb t\u00eb na ndiqni n\u00eb Facebook dhe n\u00eb faqen e internetit www.voicealps.org p\u00ebr raportin p\u00ebrfundimtar! <\/p>\n\n\n\n<p>Me respekt, FERMA 3B<\/p>\n","protected":false},"excerpt":{"rendered":"<p>Kjo flet-anket\u00eb \u00ebsht\u00eb hartuar si pjes\u00eb e projektit Ferma 3B, mb\u00ebshtetur nga IUCN, n\u00eb ndhmes\u00eb t\u00eb t\u00eb kuptuarit t\u00eb gjendjes&hellip;<\/p>\n","protected":false},"author":2,"featured_media":1904,"comment_status":"open","ping_status":"open","sticky":false,"template":"","format":"standard","meta":[],"categories":[13,12],"tags":[760,759],"yoast_head":"<!-- This site is optimized with the Yoast SEO plugin v20.3 - https:\/\/yoast.com\/wordpress\/plugins\/seo\/ -->\n<title>Flet-Anketa, FERMA 3B - Voice of the Alps<\/title>\n<meta name=\"robots\" content=\"index, follow, max-snippet:-1, max-image-preview:large, max-video-preview:-1\" \/>\n<link rel=\"canonical\" href=\"https:\/\/voicealps.org\/en\/flet-anketa-ferma-3b\/\" \/>\n<meta property=\"og:locale\" content=\"en_US\" \/>\n<meta property=\"og:type\" content=\"article\" \/>\n<meta property=\"og:title\" content=\"Flet-Anketa, FERMA 3B - Voice of the Alps\" \/>\n<meta property=\"og:description\" content=\"Kjo flet-anket\u00eb \u00ebsht\u00eb hartuar si pjes\u00eb e projektit Ferma 3B, mb\u00ebshtetur nga IUCN, n\u00eb ndhmes\u00eb t\u00eb t\u00eb kuptuarit t\u00eb gjendjes&hellip;\" \/>\n<meta property=\"og:url\" content=\"https:\/\/voicealps.org\/en\/flet-anketa-ferma-3b\/\" \/>\n<meta property=\"og:site_name\" content=\"Voice of the Alps\" \/>\n<meta property=\"article:published_time\" content=\"2021-12-11T09:00:00+00:00\" \/>\n<meta property=\"article:modified_time\" content=\"2022-10-21T03:43:08+00:00\" \/>\n<meta property=\"og:image\" content=\"https:\/\/voicealps.org\/wp-content\/uploads\/2022\/01\/98x58_Eko-Guest-House-small.png\" \/>\n\t<meta property=\"og:image:width\" content=\"665\" \/>\n\t<meta property=\"og:image:height\" content=\"393\" \/>\n\t<meta property=\"og:image:type\" content=\"image\/png\" \/>\n<meta name=\"author\" content=\"Gent Imeraj\" \/>\n<meta name=\"twitter:card\" content=\"summary_large_image\" \/>\n<meta name=\"twitter:label1\" content=\"Written by\" \/>\n\t<meta name=\"twitter:data1\" content=\"Gent Imeraj\" \/>\n\t<meta name=\"twitter:label2\" content=\"Est. reading time\" \/>\n\t<meta name=\"twitter:data2\" content=\"1 minute\" \/>\n<script type=\"application\/ld+json\" class=\"yoast-schema-graph\">{\"@context\":\"https:\/\/schema.org\",\"@graph\":[{\"@type\":\"Article\",\"@id\":\"https:\/\/voicealps.org\/en\/flet-anketa-ferma-3b\/#article\",\"isPartOf\":{\"@id\":\"https:\/\/voicealps.org\/en\/flet-anketa-ferma-3b\/\"},\"author\":{\"name\":\"Gent Imeraj\",\"@id\":\"https:\/\/voicealps.org\/#\/schema\/person\/42cf7adcbb9713f70bf8455c5a435c22\"},\"headline\":\"Flet-Anketa, FERMA 3B\",\"datePublished\":\"2021-12-11T09:00:00+00:00\",\"dateModified\":\"2022-10-21T03:43:08+00:00\",\"mainEntityOfPage\":{\"@id\":\"https:\/\/voicealps.org\/en\/flet-anketa-ferma-3b\/\"},\"wordCount\":168,\"commentCount\":0,\"publisher\":{\"@id\":\"https:\/\/voicealps.org\/#organization\"},\"keywords\":[\"ferma 3B\",\"flet anketa\"],\"articleSection\":[\"News\",\"News \/ Info\"],\"inLanguage\":\"en-US\",\"potentialAction\":[{\"@type\":\"CommentAction\",\"name\":\"Comment\",\"target\":[\"https:\/\/voicealps.org\/en\/flet-anketa-ferma-3b\/#respond\"]}]},{\"@type\":\"WebPage\",\"@id\":\"https:\/\/voicealps.org\/en\/flet-anketa-ferma-3b\/\",\"url\":\"https:\/\/voicealps.org\/en\/flet-anketa-ferma-3b\/\",\"name\":\"Flet-Anketa, FERMA 3B - Voice of the Alps\",\"isPartOf\":{\"@id\":\"https:\/\/voicealps.org\/#website\"},\"datePublished\":\"2021-12-11T09:00:00+00:00\",\"dateModified\":\"2022-10-21T03:43:08+00:00\",\"inLanguage\":\"en-US\",\"potentialAction\":[{\"@type\":\"ReadAction\",\"target\":[\"https:\/\/voicealps.org\/en\/flet-anketa-ferma-3b\/\"]}]},{\"@type\":\"WebSite\",\"@id\":\"https:\/\/voicealps.org\/#website\",\"url\":\"https:\/\/voicealps.org\/\",\"name\":\"Voice of the Alps\",\"description\":\"Zeri i Alpeve\",\"publisher\":{\"@id\":\"https:\/\/voicealps.org\/#organization\"},\"potentialAction\":[{\"@type\":\"SearchAction\",\"target\":{\"@type\":\"EntryPoint\",\"urlTemplate\":\"https:\/\/voicealps.org\/?s={search_term_string}\"},\"query-input\":\"required name=search_term_string\"}],\"inLanguage\":\"en-US\"},{\"@type\":\"Organization\",\"@id\":\"https:\/\/voicealps.org\/#organization\",\"name\":\"Voice of the Alps\",\"url\":\"https:\/\/voicealps.org\/\",\"logo\":{\"@type\":\"ImageObject\",\"inLanguage\":\"en-US\",\"@id\":\"https:\/\/voicealps.org\/#\/schema\/logo\/image\/\",\"url\":\"https:\/\/voicealps.org\/wp-content\/uploads\/2022\/11\/cropped-VoiceAlps-transparent.png\",\"contentUrl\":\"https:\/\/voicealps.org\/wp-content\/uploads\/2022\/11\/cropped-VoiceAlps-transparent.png\",\"width\":512,\"height\":487,\"caption\":\"Voice of the Alps\"},\"image\":{\"@id\":\"https:\/\/voicealps.org\/#\/schema\/logo\/image\/\"}},{\"@type\":\"Person\",\"@id\":\"https:\/\/voicealps.org\/#\/schema\/person\/42cf7adcbb9713f70bf8455c5a435c22\",\"name\":\"Gent Imeraj\",\"image\":{\"@type\":\"ImageObject\",\"inLanguage\":\"en-US\",\"@id\":\"https:\/\/voicealps.org\/#\/schema\/person\/image\/\",\"url\":\"https:\/\/secure.gravatar.com\/avatar\/7b87ee0721fa10ddd38ca87ba6e37cfc?s=96&d=mm&r=g\",\"contentUrl\":\"https:\/\/secure.gravatar.com\/avatar\/7b87ee0721fa10ddd38ca87ba6e37cfc?s=96&d=mm&r=g\",\"caption\":\"Gent Imeraj\"},\"sameAs\":[\"https:\/\/voicealps.org\/\"],\"url\":\"https:\/\/voicealps.org\/author\/gent-imeraj\/\"}]}<\/script>\n<!-- \/ Yoast SEO plugin. -->","yoast_head_json":{"title":"Flet-Anketa, FERMA 3B - Voice of the Alps","robots":{"index":"index","follow":"follow","max-snippet":"max-snippet:-1","max-image-preview":"max-image-preview:large","max-video-preview":"max-video-preview:-1"},"canonical":"https:\/\/voicealps.org\/en\/flet-anketa-ferma-3b\/","og_locale":"en_US","og_type":"article","og_title":"Flet-Anketa, FERMA 3B - Voice of the Alps","og_description":"Kjo flet-anket\u00eb \u00ebsht\u00eb hartuar si pjes\u00eb e projektit Ferma 3B, mb\u00ebshtetur nga IUCN, n\u00eb ndhmes\u00eb t\u00eb t\u00eb kuptuarit t\u00eb gjendjes&hellip;","og_url":"https:\/\/voicealps.org\/en\/flet-anketa-ferma-3b\/","og_site_name":"Voice of the Alps","article_published_time":"2021-12-11T09:00:00+00:00","article_modified_time":"2022-10-21T03:43:08+00:00","og_image":[{"width":665,"height":393,"url":"https:\/\/voicealps.org\/wp-content\/uploads\/2022\/01\/98x58_Eko-Guest-House-small.png","type":"image\/png"}],"author":"Gent Imeraj","twitter_card":"summary_large_image","twitter_misc":{"Written by":"Gent Imeraj","Est. reading time":"1 minute"},"schema":{"@context":"https:\/\/schema.org","@graph":[{"@type":"Article","@id":"https:\/\/voicealps.org\/en\/flet-anketa-ferma-3b\/#article","isPartOf":{"@id":"https:\/\/voicealps.org\/en\/flet-anketa-ferma-3b\/"},"author":{"name":"Gent Imeraj","@id":"https:\/\/voicealps.org\/#\/schema\/person\/42cf7adcbb9713f70bf8455c5a435c22"},"headline":"Flet-Anketa, FERMA 3B","datePublished":"2021-12-11T09:00:00+00:00","dateModified":"2022-10-21T03:43:08+00:00","mainEntityOfPage":{"@id":"https:\/\/voicealps.org\/en\/flet-anketa-ferma-3b\/"},"wordCount":168,"commentCount":0,"publisher":{"@id":"https:\/\/voicealps.org\/#organization"},"keywords":["ferma 3B","flet anketa"],"articleSection":["News","News \/ Info"],"inLanguage":"en-US","potentialAction":[{"@type":"CommentAction","name":"Comment","target":["https:\/\/voicealps.org\/en\/flet-anketa-ferma-3b\/#respond"]}]},{"@type":"WebPage","@id":"https:\/\/voicealps.org\/en\/flet-anketa-ferma-3b\/","url":"https:\/\/voicealps.org\/en\/flet-anketa-ferma-3b\/","name":"Flet-Anketa, FERMA 3B - Voice of the Alps","isPartOf":{"@id":"https:\/\/voicealps.org\/#website"},"datePublished":"2021-12-11T09:00:00+00:00","dateModified":"2022-10-21T03:43:08+00:00","inLanguage":"en-US","potentialAction":[{"@type":"ReadAction","target":["https:\/\/voicealps.org\/en\/flet-anketa-ferma-3b\/"]}]},{"@type":"WebSite","@id":"https:\/\/voicealps.org\/#website","url":"https:\/\/voicealps.org\/","name":"Voice of the Alps","description":"Zeri i Alpeve","publisher":{"@id":"https:\/\/voicealps.org\/#organization"},"potentialAction":[{"@type":"SearchAction","target":{"@type":"EntryPoint","urlTemplate":"https:\/\/voicealps.org\/?s={search_term_string}"},"query-input":"required name=search_term_string"}],"inLanguage":"en-US"},{"@type":"Organization","@id":"https:\/\/voicealps.org\/#organization","name":"Voice of the Alps","url":"https:\/\/voicealps.org\/","logo":{"@type":"ImageObject","inLanguage":"en-US","@id":"https:\/\/voicealps.org\/#\/schema\/logo\/image\/","url":"https:\/\/voicealps.org\/wp-content\/uploads\/2022\/11\/cropped-VoiceAlps-transparent.png","contentUrl":"https:\/\/voicealps.org\/wp-content\/uploads\/2022\/11\/cropped-VoiceAlps-transparent.png","width":512,"height":487,"caption":"Voice of the Alps"},"image":{"@id":"https:\/\/voicealps.org\/#\/schema\/logo\/image\/"}},{"@type":"Person","@id":"https:\/\/voicealps.org\/#\/schema\/person\/42cf7adcbb9713f70bf8455c5a435c22","name":"Gent Imeraj","image":{"@type":"ImageObject","inLanguage":"en-US","@id":"https:\/\/voicealps.org\/#\/schema\/person\/image\/","url":"https:\/\/secure.gravatar.com\/avatar\/7b87ee0721fa10ddd38ca87ba6e37cfc?s=96&d=mm&r=g","contentUrl":"https:\/\/secure.gravatar.com\/avatar\/7b87ee0721fa10ddd38ca87ba6e37cfc?s=96&d=mm&r=g","caption":"Gent Imeraj"},"sameAs":["https:\/\/voicealps.org\/"],"url":"https:\/\/voicealps.org\/author\/gent-imeraj\/"}]}},"_links":{"self":[{"href":"https:\/\/voicealps.org\/wp-json\/wp\/v2\/posts\/1899"}],"collection":[{"href":"https:\/\/voicealps.org\/wp-json\/wp\/v2\/posts"}],"about":[{"href":"https:\/\/voicealps.org\/wp-json\/wp\/v2\/types\/post"}],"author":[{"embeddable":true,"href":"https:\/\/voicealps.org\/wp-json\/wp\/v2\/users\/2"}],"replies":[{"embeddable":true,"href":"https:\/\/voicealps.org\/wp-json\/wp\/v2\/comments?post=1899"}],"version-history":[{"count":3,"href":"https:\/\/voicealps.org\/wp-json\/wp\/v2\/posts\/1899\/revisions"}],"predecessor-version":[{"id":1906,"href":"https:\/\/voicealps.org\/wp-json\/wp\/v2\/posts\/1899\/revisions\/1906"}],"wp:featuredmedia":[{"embeddable":true,"href":"https:\/\/voicealps.org\/wp-json\/wp\/v2\/media\/1904"}],"wp:attachment":[{"href":"https:\/\/voicealps.org\/wp-json\/wp\/v2\/media?parent=1899"}],"wp:term":[{"taxonomy":"category","embeddable":true,"href":"https:\/\/voicealps.org\/wp-json\/wp\/v2\/categories?post=1899"},{"taxonomy":"post_tag","embeddable":true,"href":"https:\/\/voicealps.org\/wp-json\/wp\/v2\/tags?post=1899"}],"curies":[{"name":"wp","href":"https:\/\/api.w.org\/{rel}","templated":true}]}}