{"id":1860,"date":"2020-12-24T14:01:48","date_gmt":"2020-12-24T14:01:48","guid":{"rendered":"https:\/\/voicealps.org\/?p=1860"},"modified":"2020-12-24T14:01:52","modified_gmt":"2020-12-24T14:01:52","slug":"public-diplomacy-2020-podcasts-texts","status":"publish","type":"post","link":"https:\/\/voicealps.org\/en\/public-diplomacy-2020-podcasts-texts\/","title":{"rendered":"Public Diplomacy 2020 &#8211; Podcasts &#038; Texts"},"content":{"rendered":"\n<p><em><u>Poland brings to Albania some of the best experiences regarding the transformation and modernization of villages and the benefits of EU membership. Through a project, representatives from Serbia, Bosnia and Albania were introduced to presentations, in-depth analyzes and promotions among experts, opinion leaders and journalists through a series of 5 webinars and the recording of 15 online materials \/ podcasts, available in their native language, for orienting on how to create a coherent and sustainable market for rural services, diversify incomes and increase farm profitability. Topics include short supply chain, food security (also in the context of COVID), certification, obtaining EU (GI) geographical indications, technological and IT innovation in agriculture, as well as practices that favor green space creation and biological and cultural diversity of living. Two interviews were conducted with Polish experts. The materials allow the planning of further activities under the EU, V4 and PL programs for the Western Balkans.<\/u><\/em><\/p>\n\n\n\n<p>Find below audio recordings <em>(podcasts)<\/em> for each of the Polish experts who contributed to the 5 webinars conducted! Click on the name of each of the experts and then press the PLAY button on the video below to listen to the respective recording!<\/p>\n\n\n\n<p><a href=\"https:\/\/drive.google.com\/file\/d\/1xuWvi3KvpukohnVtz6yThi7CRU3_ATb5\/preview\">Aleksandra Ni\u017cy\u0144ska<\/a> | <a href=\"https:\/\/drive.google.com\/file\/d\/1P1__oG9PqoZwOkpfHh0RKoztA8-y4nqd\/preview\">Dawid Drzewiecki<\/a> | <a href=\"https:\/\/drive.google.com\/file\/d\/1ya0AovHJ3HVmkyZyzBzLk5rgNLjfZtBT\/preview\">J\u00f3zef Tyburski<\/a> | <a href=\"https:\/\/drive.google.com\/file\/d\/1t1SpHiztkhDXzuDnmlCkTS-LAa5m6DE1\/preview\">Katerina Makarova<\/a> | <a href=\"https:\/\/drive.google.com\/file\/d\/1N25I_wh_iiRdjelXcl98o5l25ZXHuGBy\/preview\">\u0141ukasz Czech<\/a> | <a href=\"https:\/\/drive.google.com\/file\/d\/1oX9Ec3G79fu44oiP6ktBUZSEvEGgSV6s\/preview\">Ma\u0142gorzata Ga\u0142czy\u0144ska<\/a> | <a href=\"https:\/\/drive.google.com\/file\/d\/1qFK-xAACS4SeJKHbiiS9XWCThzDuCfzC\/preview\">Mariusz Maciejczak<\/a> | <a href=\"https:\/\/drive.google.com\/file\/d\/1hySMaC28uRJa2be1yo88cpN4hp-McePL\/preview\">Mateusz Ciasnocha<\/a> | <a href=\"https:\/\/drive.google.com\/file\/d\/1MoEdYPt25sQ3vnw0ZLTWFnMX1sOL0htb\/preview\">Mateusz S\u0119kowski<\/a> | <a href=\"https:\/\/drive.google.com\/file\/d\/1CRqQstVq7LWAeZBs8Hs_r67c0tj5-qK-\/preview\">Milda Krauzlis<\/a> | <a href=\"https:\/\/drive.google.com\/file\/d\/1jbDBkpSVBgOjFXREAbXay4iDpNCGlN53\/preview\">Rafa\u0142 Lachowski<\/a> | <a href=\"https:\/\/drive.google.com\/file\/d\/1No3wtWqod6vnWCTjPe6Yc_IojNCOOnDU\/preview\">Rafa\u0142 Wawer<\/a> | <a href=\"https:\/\/drive.google.com\/file\/d\/1tF6N_gLazimNta3ybEwzYJQ5G3D3LDSm\/preview\">Sylwia Szparkowska<\/a> | <a href=\"https:\/\/drive.google.com\/file\/d\/1jO0Psala-TIj8BDFCzFSXro99dGPnygj\/preview\">Wojciech Szpoci\u0144ski S1<\/a> | <a href=\"https:\/\/drive.google.com\/file\/d\/1gjM8enTiHNfNX5o9jCXmbFtrAsJb99EZ\/preview\">Wojciech Szpoci\u0144ski S2<\/a><\/p>\n\n\n\n<p align=\"center\"><iframe loading=\"lazy\" id=\"Podcasts\" src=\"https:\/\/drive.google.com\/file\/d\/1svMRo3g9zI0a3FBEORcdNSivTQ6jzfke\/preview\" name=\"Podcasts\" width=\"480\" height=\"270\" allowfullscreen=\"allowfullscreen\">\n<\/iframe><\/p>\n\n\n\n<p>For each of the audio recordings <em>(podcasts)<\/em> you can also download the respective transcription in English language by clicking on the name of each of the experts!<\/p>\n\n\n\n<figure class=\"wp-block-table\"><table><tbody><tr><td><a href=\"https:\/\/drive.google.com\/file\/d\/1pbhv3Qrp2DZrT8aLlxMIBTmtsNd09XR6\/view?usp=sharing\">Aleksandra Ni\u017cy\u0144ska<\/a><\/td><td><a href=\"https:\/\/drive.google.com\/file\/d\/1T8U09_YDv8UvChIT2uRb9sCZTJtPO2x3\/view?usp=sharing\">Dawid Drzewiecki<\/a><\/td><td><a href=\"https:\/\/drive.google.com\/file\/d\/1K7RTHFeugciKBBoNloknA5NkdeNAzNoi\/view?usp=sharing\">J\u00f3zef Tyburski<\/a><\/td><td><a href=\"https:\/\/drive.google.com\/file\/d\/1G7Hw-JTxklaBsnmvWUTBQbWPuA0ZwN0o\/view?usp=sharing\">Katerina Makarova<\/a><\/td><td><a href=\"https:\/\/drive.google.com\/file\/d\/1LQ99icQj0WI5m7Ozl2GiDPD3hHZcH-8N\/view?usp=sharing\">\u0141ukasz Czech<\/a><\/td><\/tr><tr><td><a href=\"https:\/\/drive.google.com\/file\/d\/1c9CgPEIcOJfHzY-FMuErjJSt4Edkg_ag\/view?usp=sharing\">Ma\u0142gorzata Ga\u0142czy\u0144ska<\/a><\/td><td><a href=\"https:\/\/drive.google.com\/file\/d\/1HVFMNF1CdoqNJbZk5jUAze1W5M0rURL-\/view?usp=sharing\">Mariusz Maciejczak<\/a><\/td><td><a href=\"https:\/\/drive.google.com\/file\/d\/1OXBuaRvdAQLV874ph-cqabWcSG7i_ipn\/view?usp=sharing\">Mateusz Ciasnocha<\/a><\/td><td><a href=\"https:\/\/drive.google.com\/file\/d\/182Z5G2ONBeS7BIPsbUiwZpKePscGZJl5\/view?usp=sharing\">Mateusz S\u0119kowski<\/a><\/td><td><a href=\"https:\/\/drive.google.com\/file\/d\/1UZFgNlA0CdPotlYmSneMfVh9ifrL4Gun\/view?usp=sharing\">Milda Krauzlis<\/a><\/td><\/tr><tr><td><a href=\"https:\/\/drive.google.com\/file\/d\/1U2Kg6ZRXOX9zlJN1aYKL6ZF7lnPPsKpy\/view?usp=sharing\">Rafa\u0142 Lachowski<\/a><\/td><td><a href=\"https:\/\/drive.google.com\/file\/d\/1LAd8vM_NgA820yk7ZiTcU_m1rqV7UuP0\/view?usp=sharing\">Rafa\u0142 Wawer<\/a><\/td><td><a href=\"https:\/\/drive.google.com\/file\/d\/1oKMBhMUc-f7Hfh8VJYCJFyVo02JSRc41\/view?usp=sharing\">Sylwia Szparkowska<\/a><\/td><td><a href=\"https:\/\/drive.google.com\/file\/d\/1wN_RXfFw62nIPnzzJ4XuE8gOts2EUe4J\/view?usp=sharing\">Wojciech Szpoci\u0144ski S1<\/a><\/td><td><a href=\"https:\/\/drive.google.com\/file\/d\/15sCmNdZcrADsDyLkrVTEytN60opbqIGg\/view?usp=sharing\">Wojciech Szpoci\u0144ski S2<\/a><\/td><\/tr><\/tbody><\/table><\/figure>\n\n\n\n<p><em><u>Material was produced as a part of the project supported under \u201cPublic Diplomacy 2020 New Dimension\u201d, being co-financed by the Ministry of Foreign Affairs of Republic of Poland. The content expresses only the views of the authors and cannot be equated with the official position of the Ministry of Foreign Affairs of the Republic of Poland. Project is implemented by Development Policy Foundation<\/u><\/em><\/p>\n","protected":false},"excerpt":{"rendered":"<p>Poland brings to Albania some of the best experiences regarding the transformation and modernization of villages and the benefits of&hellip;<\/p>\n","protected":false},"author":2,"featured_media":1861,"comment_status":"open","ping_status":"open","sticky":false,"template":"","format":"standard","meta":[],"categories":[13,12],"tags":[],"yoast_head":"<!-- This site is optimized with the Yoast SEO plugin v20.3 - https:\/\/yoast.com\/wordpress\/plugins\/seo\/ -->\n<title>Public Diplomacy 2020 - Podcasts &amp; Texts - Voice of the Alps<\/title>\n<meta name=\"robots\" content=\"index, follow, max-snippet:-1, max-image-preview:large, max-video-preview:-1\" \/>\n<link rel=\"canonical\" href=\"https:\/\/voicealps.org\/en\/public-diplomacy-2020-podcasts-texts\/\" \/>\n<meta property=\"og:locale\" content=\"en_US\" \/>\n<meta property=\"og:type\" content=\"article\" \/>\n<meta property=\"og:title\" content=\"Public Diplomacy 2020 - Podcasts &amp; Texts - Voice of the Alps\" \/>\n<meta property=\"og:description\" content=\"Poland brings to Albania some of the best experiences regarding the transformation and modernization of villages and the benefits of&hellip;\" \/>\n<meta property=\"og:url\" content=\"https:\/\/voicealps.org\/en\/public-diplomacy-2020-podcasts-texts\/\" \/>\n<meta property=\"og:site_name\" content=\"Voice of the Alps\" \/>\n<meta property=\"article:published_time\" content=\"2020-12-24T14:01:48+00:00\" \/>\n<meta property=\"article:modified_time\" content=\"2020-12-24T14:01:52+00:00\" \/>\n<meta property=\"og:image\" content=\"https:\/\/voicealps.org\/wp-content\/uploads\/2020\/12\/Public-Diplomacy-news-980x549-1.png\" \/>\n\t<meta property=\"og:image:width\" content=\"980\" \/>\n\t<meta property=\"og:image:height\" content=\"549\" \/>\n\t<meta property=\"og:image:type\" content=\"image\/png\" \/>\n<meta name=\"author\" content=\"Gent Imeraj\" \/>\n<meta name=\"twitter:card\" content=\"summary_large_image\" \/>\n<meta name=\"twitter:label1\" content=\"Written by\" \/>\n\t<meta name=\"twitter:data1\" content=\"Gent Imeraj\" \/>\n\t<meta name=\"twitter:label2\" content=\"Est. reading time\" \/>\n\t<meta name=\"twitter:data2\" content=\"2 minutes\" \/>\n<script type=\"application\/ld+json\" class=\"yoast-schema-graph\">{\"@context\":\"https:\/\/schema.org\",\"@graph\":[{\"@type\":\"Article\",\"@id\":\"https:\/\/voicealps.org\/en\/public-diplomacy-2020-podcasts-texts\/#article\",\"isPartOf\":{\"@id\":\"https:\/\/voicealps.org\/en\/public-diplomacy-2020-podcasts-texts\/\"},\"author\":{\"name\":\"Gent Imeraj\",\"@id\":\"https:\/\/voicealps.org\/#\/schema\/person\/42cf7adcbb9713f70bf8455c5a435c22\"},\"headline\":\"Public Diplomacy 2020 &#8211; Podcasts &#038; Texts\",\"datePublished\":\"2020-12-24T14:01:48+00:00\",\"dateModified\":\"2020-12-24T14:01:52+00:00\",\"mainEntityOfPage\":{\"@id\":\"https:\/\/voicealps.org\/en\/public-diplomacy-2020-podcasts-texts\/\"},\"wordCount\":367,\"commentCount\":0,\"publisher\":{\"@id\":\"https:\/\/voicealps.org\/#organization\"},\"articleSection\":[\"News\",\"News \/ Info\"],\"inLanguage\":\"en-US\",\"potentialAction\":[{\"@type\":\"CommentAction\",\"name\":\"Comment\",\"target\":[\"https:\/\/voicealps.org\/en\/public-diplomacy-2020-podcasts-texts\/#respond\"]}]},{\"@type\":\"WebPage\",\"@id\":\"https:\/\/voicealps.org\/en\/public-diplomacy-2020-podcasts-texts\/\",\"url\":\"https:\/\/voicealps.org\/en\/public-diplomacy-2020-podcasts-texts\/\",\"name\":\"Public Diplomacy 2020 - Podcasts & Texts - Voice of the Alps\",\"isPartOf\":{\"@id\":\"https:\/\/voicealps.org\/#website\"},\"datePublished\":\"2020-12-24T14:01:48+00:00\",\"dateModified\":\"2020-12-24T14:01:52+00:00\",\"inLanguage\":\"en-US\",\"potentialAction\":[{\"@type\":\"ReadAction\",\"target\":[\"https:\/\/voicealps.org\/en\/public-diplomacy-2020-podcasts-texts\/\"]}]},{\"@type\":\"WebSite\",\"@id\":\"https:\/\/voicealps.org\/#website\",\"url\":\"https:\/\/voicealps.org\/\",\"name\":\"Voice of the Alps\",\"description\":\"Zeri i Alpeve\",\"publisher\":{\"@id\":\"https:\/\/voicealps.org\/#organization\"},\"potentialAction\":[{\"@type\":\"SearchAction\",\"target\":{\"@type\":\"EntryPoint\",\"urlTemplate\":\"https:\/\/voicealps.org\/?s={search_term_string}\"},\"query-input\":\"required name=search_term_string\"}],\"inLanguage\":\"en-US\"},{\"@type\":\"Organization\",\"@id\":\"https:\/\/voicealps.org\/#organization\",\"name\":\"Voice of the Alps\",\"url\":\"https:\/\/voicealps.org\/\",\"logo\":{\"@type\":\"ImageObject\",\"inLanguage\":\"en-US\",\"@id\":\"https:\/\/voicealps.org\/#\/schema\/logo\/image\/\",\"url\":\"https:\/\/voicealps.org\/wp-content\/uploads\/2022\/11\/cropped-VoiceAlps-transparent.png\",\"contentUrl\":\"https:\/\/voicealps.org\/wp-content\/uploads\/2022\/11\/cropped-VoiceAlps-transparent.png\",\"width\":512,\"height\":487,\"caption\":\"Voice of the Alps\"},\"image\":{\"@id\":\"https:\/\/voicealps.org\/#\/schema\/logo\/image\/\"}},{\"@type\":\"Person\",\"@id\":\"https:\/\/voicealps.org\/#\/schema\/person\/42cf7adcbb9713f70bf8455c5a435c22\",\"name\":\"Gent Imeraj\",\"image\":{\"@type\":\"ImageObject\",\"inLanguage\":\"en-US\",\"@id\":\"https:\/\/voicealps.org\/#\/schema\/person\/image\/\",\"url\":\"https:\/\/secure.gravatar.com\/avatar\/7b87ee0721fa10ddd38ca87ba6e37cfc?s=96&d=mm&r=g\",\"contentUrl\":\"https:\/\/secure.gravatar.com\/avatar\/7b87ee0721fa10ddd38ca87ba6e37cfc?s=96&d=mm&r=g\",\"caption\":\"Gent Imeraj\"},\"sameAs\":[\"https:\/\/voicealps.org\/\"],\"url\":\"https:\/\/voicealps.org\/author\/gent-imeraj\/\"}]}<\/script>\n<!-- \/ Yoast SEO plugin. -->","yoast_head_json":{"title":"Public Diplomacy 2020 - Podcasts & Texts - Voice of the Alps","robots":{"index":"index","follow":"follow","max-snippet":"max-snippet:-1","max-image-preview":"max-image-preview:large","max-video-preview":"max-video-preview:-1"},"canonical":"https:\/\/voicealps.org\/en\/public-diplomacy-2020-podcasts-texts\/","og_locale":"en_US","og_type":"article","og_title":"Public Diplomacy 2020 - Podcasts & Texts - Voice of the Alps","og_description":"Poland brings to Albania some of the best experiences regarding the transformation and modernization of villages and the benefits of&hellip;","og_url":"https:\/\/voicealps.org\/en\/public-diplomacy-2020-podcasts-texts\/","og_site_name":"Voice of the Alps","article_published_time":"2020-12-24T14:01:48+00:00","article_modified_time":"2020-12-24T14:01:52+00:00","og_image":[{"width":980,"height":549,"url":"https:\/\/voicealps.org\/wp-content\/uploads\/2020\/12\/Public-Diplomacy-news-980x549-1.png","type":"image\/png"}],"author":"Gent Imeraj","twitter_card":"summary_large_image","twitter_misc":{"Written by":"Gent Imeraj","Est. reading time":"2 minutes"},"schema":{"@context":"https:\/\/schema.org","@graph":[{"@type":"Article","@id":"https:\/\/voicealps.org\/en\/public-diplomacy-2020-podcasts-texts\/#article","isPartOf":{"@id":"https:\/\/voicealps.org\/en\/public-diplomacy-2020-podcasts-texts\/"},"author":{"name":"Gent Imeraj","@id":"https:\/\/voicealps.org\/#\/schema\/person\/42cf7adcbb9713f70bf8455c5a435c22"},"headline":"Public Diplomacy 2020 &#8211; Podcasts &#038; Texts","datePublished":"2020-12-24T14:01:48+00:00","dateModified":"2020-12-24T14:01:52+00:00","mainEntityOfPage":{"@id":"https:\/\/voicealps.org\/en\/public-diplomacy-2020-podcasts-texts\/"},"wordCount":367,"commentCount":0,"publisher":{"@id":"https:\/\/voicealps.org\/#organization"},"articleSection":["News","News \/ Info"],"inLanguage":"en-US","potentialAction":[{"@type":"CommentAction","name":"Comment","target":["https:\/\/voicealps.org\/en\/public-diplomacy-2020-podcasts-texts\/#respond"]}]},{"@type":"WebPage","@id":"https:\/\/voicealps.org\/en\/public-diplomacy-2020-podcasts-texts\/","url":"https:\/\/voicealps.org\/en\/public-diplomacy-2020-podcasts-texts\/","name":"Public Diplomacy 2020 - Podcasts & Texts - Voice of the Alps","isPartOf":{"@id":"https:\/\/voicealps.org\/#website"},"datePublished":"2020-12-24T14:01:48+00:00","dateModified":"2020-12-24T14:01:52+00:00","inLanguage":"en-US","potentialAction":[{"@type":"ReadAction","target":["https:\/\/voicealps.org\/en\/public-diplomacy-2020-podcasts-texts\/"]}]},{"@type":"WebSite","@id":"https:\/\/voicealps.org\/#website","url":"https:\/\/voicealps.org\/","name":"Voice of the Alps","description":"Zeri i Alpeve","publisher":{"@id":"https:\/\/voicealps.org\/#organization"},"potentialAction":[{"@type":"SearchAction","target":{"@type":"EntryPoint","urlTemplate":"https:\/\/voicealps.org\/?s={search_term_string}"},"query-input":"required name=search_term_string"}],"inLanguage":"en-US"},{"@type":"Organization","@id":"https:\/\/voicealps.org\/#organization","name":"Voice of the Alps","url":"https:\/\/voicealps.org\/","logo":{"@type":"ImageObject","inLanguage":"en-US","@id":"https:\/\/voicealps.org\/#\/schema\/logo\/image\/","url":"https:\/\/voicealps.org\/wp-content\/uploads\/2022\/11\/cropped-VoiceAlps-transparent.png","contentUrl":"https:\/\/voicealps.org\/wp-content\/uploads\/2022\/11\/cropped-VoiceAlps-transparent.png","width":512,"height":487,"caption":"Voice of the Alps"},"image":{"@id":"https:\/\/voicealps.org\/#\/schema\/logo\/image\/"}},{"@type":"Person","@id":"https:\/\/voicealps.org\/#\/schema\/person\/42cf7adcbb9713f70bf8455c5a435c22","name":"Gent Imeraj","image":{"@type":"ImageObject","inLanguage":"en-US","@id":"https:\/\/voicealps.org\/#\/schema\/person\/image\/","url":"https:\/\/secure.gravatar.com\/avatar\/7b87ee0721fa10ddd38ca87ba6e37cfc?s=96&d=mm&r=g","contentUrl":"https:\/\/secure.gravatar.com\/avatar\/7b87ee0721fa10ddd38ca87ba6e37cfc?s=96&d=mm&r=g","caption":"Gent Imeraj"},"sameAs":["https:\/\/voicealps.org\/"],"url":"https:\/\/voicealps.org\/author\/gent-imeraj\/"}]}},"_links":{"self":[{"href":"https:\/\/voicealps.org\/wp-json\/wp\/v2\/posts\/1860"}],"collection":[{"href":"https:\/\/voicealps.org\/wp-json\/wp\/v2\/posts"}],"about":[{"href":"https:\/\/voicealps.org\/wp-json\/wp\/v2\/types\/post"}],"author":[{"embeddable":true,"href":"https:\/\/voicealps.org\/wp-json\/wp\/v2\/users\/2"}],"replies":[{"embeddable":true,"href":"https:\/\/voicealps.org\/wp-json\/wp\/v2\/comments?post=1860"}],"version-history":[{"count":1,"href":"https:\/\/voicealps.org\/wp-json\/wp\/v2\/posts\/1860\/revisions"}],"predecessor-version":[{"id":1862,"href":"https:\/\/voicealps.org\/wp-json\/wp\/v2\/posts\/1860\/revisions\/1862"}],"wp:featuredmedia":[{"embeddable":true,"href":"https:\/\/voicealps.org\/wp-json\/wp\/v2\/media\/1861"}],"wp:attachment":[{"href":"https:\/\/voicealps.org\/wp-json\/wp\/v2\/media?parent=1860"}],"wp:term":[{"taxonomy":"category","embeddable":true,"href":"https:\/\/voicealps.org\/wp-json\/wp\/v2\/categories?post=1860"},{"taxonomy":"post_tag","embeddable":true,"href":"https:\/\/voicealps.org\/wp-json\/wp\/v2\/tags?post=1860"}],"curies":[{"name":"wp","href":"https:\/\/api.w.org\/{rel}","templated":true}]}}